{"id":5409,"date":"2023-09-28T02:37:07","date_gmt":"2023-09-28T02:37:07","guid":{"rendered":"https:\/\/cosmoitalia.net\/?p=5409"},"modified":"2024-02-07T22:38:35","modified_gmt":"2024-02-07T22:38:35","slug":"gala-helen-seward-2023","status":"publish","type":"post","link":"https:\/\/cosmoitalia.net\/index.php\/2023\/09\/28\/gala-helen-seward-2023\/","title":{"rendered":"Por incentivos de compras viaja"},"content":{"rendered":"\t\t<div data-elementor-type=\"wp-post\" data-elementor-id=\"5409\" class=\"elementor elementor-5409\" data-elementor-post-type=\"post\">\n\t\t\t\t<div class=\"elementor-element elementor-element-69b6cef1 e-flex e-con-boxed wpr-particle-no wpr-jarallax-no wpr-parallax-no wpr-sticky-section-no e-con e-parent\" data-id=\"69b6cef1\" data-element_type=\"container\" data-settings=\"{&quot;content_width&quot;:&quot;boxed&quot;}\" data-core-v316-plus=\"true\">\n\t\t\t\t\t<div class=\"e-con-inner\">\n\t\t<div class=\"elementor-element elementor-element-f10b225 e-flex e-con-boxed wpr-particle-no wpr-jarallax-no wpr-parallax-no wpr-sticky-section-no e-con e-child\" data-id=\"f10b225\" data-element_type=\"container\" data-settings=\"{&quot;content_width&quot;:&quot;boxed&quot;}\">\n\t\t\t\t\t<div class=\"e-con-inner\">\n\t\t\t\t\t<\/div>\n\t\t\t\t<\/div>\n\t\t\t\t<div class=\"elementor-element elementor-element-c309ac5 elementor-widget-divider--view-line elementor-widget elementor-widget-divider\" data-id=\"c309ac5\" data-element_type=\"widget\" data-widget_type=\"divider.default\">\n\t\t\t\t<div class=\"elementor-widget-container\">\n\t\t\t<style>\/*! elementor - v3.19.0 - 28-02-2024 *\/\n.elementor-widget-divider{--divider-border-style:none;--divider-border-width:1px;--divider-color:#0c0d0e;--divider-icon-size:20px;--divider-element-spacing:10px;--divider-pattern-height:24px;--divider-pattern-size:20px;--divider-pattern-url:none;--divider-pattern-repeat:repeat-x}.elementor-widget-divider .elementor-divider{display:flex}.elementor-widget-divider .elementor-divider__text{font-size:15px;line-height:1;max-width:95%}.elementor-widget-divider .elementor-divider__element{margin:0 var(--divider-element-spacing);flex-shrink:0}.elementor-widget-divider .elementor-icon{font-size:var(--divider-icon-size)}.elementor-widget-divider .elementor-divider-separator{display:flex;margin:0;direction:ltr}.elementor-widget-divider--view-line_icon .elementor-divider-separator,.elementor-widget-divider--view-line_text .elementor-divider-separator{align-items:center}.elementor-widget-divider--view-line_icon .elementor-divider-separator:after,.elementor-widget-divider--view-line_icon .elementor-divider-separator:before,.elementor-widget-divider--view-line_text .elementor-divider-separator:after,.elementor-widget-divider--view-line_text .elementor-divider-separator:before{display:block;content:\"\";border-block-end:0;flex-grow:1;border-block-start:var(--divider-border-width) var(--divider-border-style) var(--divider-color)}.elementor-widget-divider--element-align-left .elementor-divider .elementor-divider-separator>.elementor-divider__svg:first-of-type{flex-grow:0;flex-shrink:100}.elementor-widget-divider--element-align-left .elementor-divider-separator:before{content:none}.elementor-widget-divider--element-align-left .elementor-divider__element{margin-left:0}.elementor-widget-divider--element-align-right .elementor-divider .elementor-divider-separator>.elementor-divider__svg:last-of-type{flex-grow:0;flex-shrink:100}.elementor-widget-divider--element-align-right .elementor-divider-separator:after{content:none}.elementor-widget-divider--element-align-right .elementor-divider__element{margin-right:0}.elementor-widget-divider--element-align-start .elementor-divider .elementor-divider-separator>.elementor-divider__svg:first-of-type{flex-grow:0;flex-shrink:100}.elementor-widget-divider--element-align-start .elementor-divider-separator:before{content:none}.elementor-widget-divider--element-align-start .elementor-divider__element{margin-inline-start:0}.elementor-widget-divider--element-align-end .elementor-divider .elementor-divider-separator>.elementor-divider__svg:last-of-type{flex-grow:0;flex-shrink:100}.elementor-widget-divider--element-align-end .elementor-divider-separator:after{content:none}.elementor-widget-divider--element-align-end .elementor-divider__element{margin-inline-end:0}.elementor-widget-divider:not(.elementor-widget-divider--view-line_text):not(.elementor-widget-divider--view-line_icon) .elementor-divider-separator{border-block-start:var(--divider-border-width) var(--divider-border-style) var(--divider-color)}.elementor-widget-divider--separator-type-pattern{--divider-border-style:none}.elementor-widget-divider--separator-type-pattern.elementor-widget-divider--view-line .elementor-divider-separator,.elementor-widget-divider--separator-type-pattern:not(.elementor-widget-divider--view-line) .elementor-divider-separator:after,.elementor-widget-divider--separator-type-pattern:not(.elementor-widget-divider--view-line) .elementor-divider-separator:before,.elementor-widget-divider--separator-type-pattern:not([class*=elementor-widget-divider--view]) .elementor-divider-separator{width:100%;min-height:var(--divider-pattern-height);-webkit-mask-size:var(--divider-pattern-size) 100%;mask-size:var(--divider-pattern-size) 100%;-webkit-mask-repeat:var(--divider-pattern-repeat);mask-repeat:var(--divider-pattern-repeat);background-color:var(--divider-color);-webkit-mask-image:var(--divider-pattern-url);mask-image:var(--divider-pattern-url)}.elementor-widget-divider--no-spacing{--divider-pattern-size:auto}.elementor-widget-divider--bg-round{--divider-pattern-repeat:round}.rtl .elementor-widget-divider .elementor-divider__text{direction:rtl}.e-con-inner>.elementor-widget-divider,.e-con>.elementor-widget-divider{width:var(--container-widget-width,100%);--flex-grow:var(--container-widget-flex-grow)}<\/style>\t\t<div class=\"elementor-divider\">\n\t\t\t<span class=\"elementor-divider-separator\">\n\t\t\t\t\t\t<\/span>\n\t\t<\/div>\n\t\t\t\t<\/div>\n\t\t\t\t<\/div>\n\t\t\t\t<div class=\"elementor-element elementor-element-2fd2c756 elementor-widget elementor-widget-text-editor\" data-id=\"2fd2c756\" data-element_type=\"widget\" data-widget_type=\"text-editor.default\">\n\t\t\t\t<div class=\"elementor-widget-container\">\n\t\t\t<style>\/*! elementor - v3.19.0 - 28-02-2024 *\/\n.elementor-widget-text-editor.elementor-drop-cap-view-stacked .elementor-drop-cap{background-color:#69727d;color:#fff}.elementor-widget-text-editor.elementor-drop-cap-view-framed .elementor-drop-cap{color:#69727d;border:3px solid;background-color:transparent}.elementor-widget-text-editor:not(.elementor-drop-cap-view-default) .elementor-drop-cap{margin-top:8px}.elementor-widget-text-editor:not(.elementor-drop-cap-view-default) .elementor-drop-cap-letter{width:1em;height:1em}.elementor-widget-text-editor .elementor-drop-cap{float:left;text-align:center;line-height:1;font-size:50px}.elementor-widget-text-editor .elementor-drop-cap-letter{display:inline-block}<\/style>\t\t\t\t<!-- wp:paragraph -->\n<p style=\"text-align: left;\">Punta Cana, Republica Dominicana 18 de septiembre de 2023<\/p>\n<!-- \/wp:paragraph --><!-- wp:paragraph -->\n<p>Una verdadera Gala Internacional la celebrada en Punta Cana, Rep\u00fablica Dominicana, organizada en colaboraci\u00f3n con el Partner Jes International.<\/p>\n<!-- \/wp:paragraph --><!-- wp:paragraph -->\n<p>\u00a0<\/p>\n<!-- \/wp:paragraph -->\t\t\t\t\t\t<\/div>\n\t\t\t\t<\/div>\n\t\t\t\t\t<\/div>\n\t\t\t\t<\/div>\n\t\t<div class=\"elementor-element elementor-element-18a5d17 e-flex e-con-boxed wpr-particle-no wpr-jarallax-no wpr-parallax-no wpr-sticky-section-no e-con e-parent\" data-id=\"18a5d17\" data-element_type=\"container\" data-settings=\"{&quot;content_width&quot;:&quot;boxed&quot;}\" data-core-v316-plus=\"true\">\n\t\t\t\t\t<div class=\"e-con-inner\">\n\t\t\t\t<div class=\"elementor-element elementor-element-b1a16a3 elementor-widget elementor-widget-text-editor\" data-id=\"b1a16a3\" data-element_type=\"widget\" data-widget_type=\"text-editor.default\">\n\t\t\t\t<div class=\"elementor-widget-container\">\n\t\t\t\t\t\t\t<p style=\"text-align: left;\">Una verdadera Gala Internacional la celebrada en Rep\u00fablica Dominicana, en un lugar excepcional: el Barcel\u00f3 B\u00e1varo Beach, un hotel exclusivo ubicado directamente en la playa de B\u00e1varo, en Punta Cana.<\/p>\n<p>\u00a0<\/p>\n<p>Una cita de color y tratamientos exclusivos de Helen Seward, organizada en colaboraci\u00f3n con el socio Jes International.<\/p>\n<p>\u00a0<\/p>\n<p>Italia, El Salvador, Portugal, Rep\u00fablica Dominicana y Estados Unidos: un show en vivo exclusivo que reuni\u00f3 a t\u00e9cnicos del Creative Team Helen Seward a nivel internacional, que realizaron como modelo varias propuestas de color y tratamientos, desde COLOR SISTEM LUMIA y BBCOLOR BEAUTY hasta REHUB+ SPECIALIST y BBCOLOR PIGMA, muy apreciadas por todos los participantes del evento, un p\u00fablico repleto de amigos y clientes de todo el mundo.<\/p>\n<p>El entretenimiento continu\u00f3 en la noche de gala dedicada, con tem\u00e1tica \u201ctotal white\u201d, con sorpresas y mucha diversi\u00f3n.<\/p>\t\t\t\t\t\t<\/div>\n\t\t\t\t<\/div>\n\t\t\t\t\t<\/div>\n\t\t\t\t<\/div>\n\t\t<div class=\"elementor-element elementor-element-9dca8c1 e-flex e-con-boxed wpr-particle-no wpr-jarallax-no wpr-parallax-no wpr-sticky-section-no e-con e-parent\" data-id=\"9dca8c1\" data-element_type=\"container\" data-settings=\"{&quot;content_width&quot;:&quot;boxed&quot;}\" data-core-v316-plus=\"true\">\n\t\t\t\t\t<div class=\"e-con-inner\">\n\t\t<div class=\"elementor-element elementor-element-1a6a505 e-con-full e-flex wpr-particle-no wpr-jarallax-no wpr-parallax-no wpr-sticky-section-no e-con e-child\" data-id=\"1a6a505\" data-element_type=\"container\" data-settings=\"{&quot;content_width&quot;:&quot;full&quot;}\">\n\t\t\t\t<div class=\"elementor-element elementor-element-72439a9 elementor-widget elementor-widget-image\" data-id=\"72439a9\" data-element_type=\"widget\" data-widget_type=\"image.default\">\n\t\t\t\t<div class=\"elementor-widget-container\">\n\t\t\t<style>\/*! elementor - v3.19.0 - 28-02-2024 *\/\n.elementor-widget-image{text-align:center}.elementor-widget-image a{display:inline-block}.elementor-widget-image a img[src$=\".svg\"]{width:48px}.elementor-widget-image img{vertical-align:middle;display:inline-block}<\/style>\t\t\t\t\t\t\t\t\t\t<img fetchpriority=\"high\" decoding=\"async\" width=\"800\" height=\"498\" src=\"https:\/\/cosmoitalia.net\/wp-content\/uploads\/2023\/09\/We-thank-everyone-who-was-part-of-this-great-Helen-Seward-2023-Gala.-We-have-photographed-great-moments-and-we-will-continue-to-share-it-with-you-1024x637.jpg\" class=\"attachment-large size-large wp-image-6744\" alt=\"\" srcset=\"https:\/\/cosmoitalia.net\/wp-content\/uploads\/2023\/09\/We-thank-everyone-who-was-part-of-this-great-Helen-Seward-2023-Gala.-We-have-photographed-great-moments-and-we-will-continue-to-share-it-with-you-1024x637.jpg 1024w, https:\/\/cosmoitalia.net\/wp-content\/uploads\/2023\/09\/We-thank-everyone-who-was-part-of-this-great-Helen-Seward-2023-Gala.-We-have-photographed-great-moments-and-we-will-continue-to-share-it-with-you-300x187.jpg 300w, https:\/\/cosmoitalia.net\/wp-content\/uploads\/2023\/09\/We-thank-everyone-who-was-part-of-this-great-Helen-Seward-2023-Gala.-We-have-photographed-great-moments-and-we-will-continue-to-share-it-with-you-768x478.jpg 768w, https:\/\/cosmoitalia.net\/wp-content\/uploads\/2023\/09\/We-thank-everyone-who-was-part-of-this-great-Helen-Seward-2023-Gala.-We-have-photographed-great-moments-and-we-will-continue-to-share-it-with-you.jpg 1080w\" sizes=\"(max-width: 800px) 100vw, 800px\" \/>\t\t\t\t\t\t\t\t\t\t\t\t\t<\/div>\n\t\t\t\t<\/div>\n\t\t\t\t<\/div>\n\t\t<div class=\"elementor-element elementor-element-2a10d55 e-con-full e-flex wpr-particle-no wpr-jarallax-no wpr-parallax-no wpr-sticky-section-no e-con e-child\" data-id=\"2a10d55\" data-element_type=\"container\" data-settings=\"{&quot;content_width&quot;:&quot;full&quot;}\">\n\t\t\t\t<div class=\"elementor-element elementor-element-8d5e7c4 elementor-widget elementor-widget-image\" data-id=\"8d5e7c4\" data-element_type=\"widget\" data-widget_type=\"image.default\">\n\t\t\t\t<div class=\"elementor-widget-container\">\n\t\t\t\t\t\t\t\t\t\t\t\t\t<img decoding=\"async\" width=\"800\" height=\"498\" src=\"https:\/\/cosmoitalia.net\/wp-content\/uploads\/2023\/09\/We-thank-everyone-who-was-part-of-this-great-Helen-Seward-2023-Gala.-We-have-photographed-great-moments-and-we-will-continue-to-share-it-with-you-1-1024x637.jpg\" class=\"attachment-large size-large wp-image-6741\" alt=\"\" srcset=\"https:\/\/cosmoitalia.net\/wp-content\/uploads\/2023\/09\/We-thank-everyone-who-was-part-of-this-great-Helen-Seward-2023-Gala.-We-have-photographed-great-moments-and-we-will-continue-to-share-it-with-you-1-1024x637.jpg 1024w, https:\/\/cosmoitalia.net\/wp-content\/uploads\/2023\/09\/We-thank-everyone-who-was-part-of-this-great-Helen-Seward-2023-Gala.-We-have-photographed-great-moments-and-we-will-continue-to-share-it-with-you-1-300x187.jpg 300w, https:\/\/cosmoitalia.net\/wp-content\/uploads\/2023\/09\/We-thank-everyone-who-was-part-of-this-great-Helen-Seward-2023-Gala.-We-have-photographed-great-moments-and-we-will-continue-to-share-it-with-you-1-768x478.jpg 768w, https:\/\/cosmoitalia.net\/wp-content\/uploads\/2023\/09\/We-thank-everyone-who-was-part-of-this-great-Helen-Seward-2023-Gala.-We-have-photographed-great-moments-and-we-will-continue-to-share-it-with-you-1.jpg 1080w\" sizes=\"(max-width: 800px) 100vw, 800px\" \/>\t\t\t\t\t\t\t\t\t\t\t\t\t<\/div>\n\t\t\t\t<\/div>\n\t\t\t\t<\/div>\n\t\t<div class=\"elementor-element elementor-element-45643e0 e-con-full e-flex wpr-particle-no wpr-jarallax-no wpr-parallax-no wpr-sticky-section-no e-con e-child\" data-id=\"45643e0\" data-element_type=\"container\" data-settings=\"{&quot;content_width&quot;:&quot;full&quot;}\">\n\t\t\t\t<div class=\"elementor-element elementor-element-6ee26ec elementor-widget elementor-widget-image\" data-id=\"6ee26ec\" data-element_type=\"widget\" data-widget_type=\"image.default\">\n\t\t\t\t<div class=\"elementor-widget-container\">\n\t\t\t\t\t\t\t\t\t\t\t\t\t<img decoding=\"async\" width=\"800\" height=\"535\" src=\"https:\/\/cosmoitalia.net\/wp-content\/uploads\/2023\/09\/Agradecemos-a-todos-los-que-fueron-parte-de-esta-gran-Gala-Helen-Seward-2023-\u00a1hemos-fotografiado-grandes-momentos-y-seguiremos-compartiendolo-con-ustedes-2-1024x685.jpg\" class=\"attachment-large size-large wp-image-6748\" alt=\"\" srcset=\"https:\/\/cosmoitalia.net\/wp-content\/uploads\/2023\/09\/Agradecemos-a-todos-los-que-fueron-parte-de-esta-gran-Gala-Helen-Seward-2023-\u00a1hemos-fotografiado-grandes-momentos-y-seguiremos-compartiendolo-con-ustedes-2-1024x685.jpg 1024w, https:\/\/cosmoitalia.net\/wp-content\/uploads\/2023\/09\/Agradecemos-a-todos-los-que-fueron-parte-de-esta-gran-Gala-Helen-Seward-2023-\u00a1hemos-fotografiado-grandes-momentos-y-seguiremos-compartiendolo-con-ustedes-2-300x201.jpg 300w, https:\/\/cosmoitalia.net\/wp-content\/uploads\/2023\/09\/Agradecemos-a-todos-los-que-fueron-parte-de-esta-gran-Gala-Helen-Seward-2023-\u00a1hemos-fotografiado-grandes-momentos-y-seguiremos-compartiendolo-con-ustedes-2-768x513.jpg 768w, https:\/\/cosmoitalia.net\/wp-content\/uploads\/2023\/09\/Agradecemos-a-todos-los-que-fueron-parte-de-esta-gran-Gala-Helen-Seward-2023-\u00a1hemos-fotografiado-grandes-momentos-y-seguiremos-compartiendolo-con-ustedes-2.jpg 1080w\" sizes=\"(max-width: 800px) 100vw, 800px\" \/>\t\t\t\t\t\t\t\t\t\t\t\t\t<\/div>\n\t\t\t\t<\/div>\n\t\t\t\t<\/div>\n\t\t<div class=\"elementor-element elementor-element-39f4f92 e-con-full e-flex wpr-particle-no wpr-jarallax-no wpr-parallax-no wpr-sticky-section-no e-con e-child\" data-id=\"39f4f92\" data-element_type=\"container\" data-settings=\"{&quot;content_width&quot;:&quot;full&quot;}\">\n\t\t\t\t<div class=\"elementor-element elementor-element-ba6d65b elementor-widget elementor-widget-image\" data-id=\"ba6d65b\" data-element_type=\"widget\" data-widget_type=\"image.default\">\n\t\t\t\t<div class=\"elementor-widget-container\">\n\t\t\t\t\t\t\t\t\t\t\t\t\t<img loading=\"lazy\" decoding=\"async\" width=\"800\" height=\"501\" src=\"https:\/\/cosmoitalia.net\/wp-content\/uploads\/2023\/09\/We-thank-everyone-who-was-part-of-this-great-Helen-Seward-2023-Gala.-We-have-photographed-great-moments-and-we-will-continue-to-share-it-with-you-2-1024x641.jpg\" class=\"attachment-large size-large wp-image-6742\" alt=\"\" srcset=\"https:\/\/cosmoitalia.net\/wp-content\/uploads\/2023\/09\/We-thank-everyone-who-was-part-of-this-great-Helen-Seward-2023-Gala.-We-have-photographed-great-moments-and-we-will-continue-to-share-it-with-you-2-1024x641.jpg 1024w, https:\/\/cosmoitalia.net\/wp-content\/uploads\/2023\/09\/We-thank-everyone-who-was-part-of-this-great-Helen-Seward-2023-Gala.-We-have-photographed-great-moments-and-we-will-continue-to-share-it-with-you-2-300x188.jpg 300w, https:\/\/cosmoitalia.net\/wp-content\/uploads\/2023\/09\/We-thank-everyone-who-was-part-of-this-great-Helen-Seward-2023-Gala.-We-have-photographed-great-moments-and-we-will-continue-to-share-it-with-you-2-768x481.jpg 768w, https:\/\/cosmoitalia.net\/wp-content\/uploads\/2023\/09\/We-thank-everyone-who-was-part-of-this-great-Helen-Seward-2023-Gala.-We-have-photographed-great-moments-and-we-will-continue-to-share-it-with-you-2.jpg 1080w\" sizes=\"(max-width: 800px) 100vw, 800px\" \/>\t\t\t\t\t\t\t\t\t\t\t\t\t<\/div>\n\t\t\t\t<\/div>\n\t\t\t\t<\/div>\n\t\t<div class=\"elementor-element elementor-element-817b15a e-con-full e-flex wpr-particle-no wpr-jarallax-no wpr-parallax-no wpr-sticky-section-no e-con e-child\" data-id=\"817b15a\" data-element_type=\"container\" data-settings=\"{&quot;content_width&quot;:&quot;full&quot;}\">\n\t\t\t\t<div class=\"elementor-element elementor-element-c05d474 elementor-widget elementor-widget-image\" data-id=\"c05d474\" data-element_type=\"widget\" data-widget_type=\"image.default\">\n\t\t\t\t<div class=\"elementor-widget-container\">\n\t\t\t\t\t\t\t\t\t\t\t\t\t<img loading=\"lazy\" decoding=\"async\" width=\"800\" height=\"534\" src=\"https:\/\/cosmoitalia.net\/wp-content\/uploads\/2023\/09\/Agradecemos-a-todos-los-que-fueron-parte-de-esta-gran-Gala-Helen-Seward-2023-\u00a1hemos-fotografiado-grandes-momentos-y-seguiremos-compartiendolo-con-ustedes-1024x684.jpg\" class=\"attachment-large size-large wp-image-6746\" alt=\"\" srcset=\"https:\/\/cosmoitalia.net\/wp-content\/uploads\/2023\/09\/Agradecemos-a-todos-los-que-fueron-parte-de-esta-gran-Gala-Helen-Seward-2023-\u00a1hemos-fotografiado-grandes-momentos-y-seguiremos-compartiendolo-con-ustedes-1024x684.jpg 1024w, https:\/\/cosmoitalia.net\/wp-content\/uploads\/2023\/09\/Agradecemos-a-todos-los-que-fueron-parte-de-esta-gran-Gala-Helen-Seward-2023-\u00a1hemos-fotografiado-grandes-momentos-y-seguiremos-compartiendolo-con-ustedes-300x200.jpg 300w, https:\/\/cosmoitalia.net\/wp-content\/uploads\/2023\/09\/Agradecemos-a-todos-los-que-fueron-parte-de-esta-gran-Gala-Helen-Seward-2023-\u00a1hemos-fotografiado-grandes-momentos-y-seguiremos-compartiendolo-con-ustedes-768x513.jpg 768w, https:\/\/cosmoitalia.net\/wp-content\/uploads\/2023\/09\/Agradecemos-a-todos-los-que-fueron-parte-de-esta-gran-Gala-Helen-Seward-2023-\u00a1hemos-fotografiado-grandes-momentos-y-seguiremos-compartiendolo-con-ustedes.jpg 1080w\" sizes=\"(max-width: 800px) 100vw, 800px\" \/>\t\t\t\t\t\t\t\t\t\t\t\t\t<\/div>\n\t\t\t\t<\/div>\n\t\t\t\t<\/div>\n\t\t<div class=\"elementor-element elementor-element-023a585 e-con-full e-flex wpr-particle-no wpr-jarallax-no wpr-parallax-no wpr-sticky-section-no e-con e-child\" data-id=\"023a585\" data-element_type=\"container\" data-settings=\"{&quot;content_width&quot;:&quot;full&quot;}\">\n\t\t\t\t<div class=\"elementor-element elementor-element-a8ed171 elementor-widget elementor-widget-image\" data-id=\"a8ed171\" data-element_type=\"widget\" data-widget_type=\"image.default\">\n\t\t\t\t<div class=\"elementor-widget-container\">\n\t\t\t\t\t\t\t\t\t\t\t\t\t<img loading=\"lazy\" decoding=\"async\" width=\"800\" height=\"534\" src=\"https:\/\/cosmoitalia.net\/wp-content\/uploads\/2023\/09\/Agradecemos-a-todos-los-que-fueron-parte-de-esta-gran-Gala-Helen-Seward-2023-\u00a1hemos-fotografiado-grandes-momentos-y-seguiremos-compartiendolo-con-ustedes-1-1024x684.jpg\" class=\"attachment-large size-large wp-image-6747\" alt=\"\" srcset=\"https:\/\/cosmoitalia.net\/wp-content\/uploads\/2023\/09\/Agradecemos-a-todos-los-que-fueron-parte-de-esta-gran-Gala-Helen-Seward-2023-\u00a1hemos-fotografiado-grandes-momentos-y-seguiremos-compartiendolo-con-ustedes-1-1024x684.jpg 1024w, https:\/\/cosmoitalia.net\/wp-content\/uploads\/2023\/09\/Agradecemos-a-todos-los-que-fueron-parte-de-esta-gran-Gala-Helen-Seward-2023-\u00a1hemos-fotografiado-grandes-momentos-y-seguiremos-compartiendolo-con-ustedes-1-300x200.jpg 300w, https:\/\/cosmoitalia.net\/wp-content\/uploads\/2023\/09\/Agradecemos-a-todos-los-que-fueron-parte-de-esta-gran-Gala-Helen-Seward-2023-\u00a1hemos-fotografiado-grandes-momentos-y-seguiremos-compartiendolo-con-ustedes-1-768x513.jpg 768w, https:\/\/cosmoitalia.net\/wp-content\/uploads\/2023\/09\/Agradecemos-a-todos-los-que-fueron-parte-de-esta-gran-Gala-Helen-Seward-2023-\u00a1hemos-fotografiado-grandes-momentos-y-seguiremos-compartiendolo-con-ustedes-1.jpg 1080w\" sizes=\"(max-width: 800px) 100vw, 800px\" \/>\t\t\t\t\t\t\t\t\t\t\t\t\t<\/div>\n\t\t\t\t<\/div>\n\t\t\t\t<\/div>\n\t\t\t\t\t<\/div>\n\t\t\t\t<\/div>\n\t\t<div class=\"elementor-element elementor-element-99860f2 e-flex e-con-boxed wpr-particle-no wpr-jarallax-no wpr-parallax-no wpr-sticky-section-no e-con e-parent\" data-id=\"99860f2\" data-element_type=\"container\" data-settings=\"{&quot;content_width&quot;:&quot;boxed&quot;}\" data-core-v316-plus=\"true\">\n\t\t\t\t\t<div class=\"e-con-inner\">\n\t\t\t\t<div class=\"elementor-element elementor-element-1efb6ff elementor-widget elementor-widget-spacer\" data-id=\"1efb6ff\" data-element_type=\"widget\" data-widget_type=\"spacer.default\">\n\t\t\t\t<div class=\"elementor-widget-container\">\n\t\t\t<style>\/*! elementor - v3.19.0 - 28-02-2024 *\/\n.elementor-column .elementor-spacer-inner{height:var(--spacer-size)}.e-con{--container-widget-width:100%}.e-con-inner>.elementor-widget-spacer,.e-con>.elementor-widget-spacer{width:var(--container-widget-width,var(--spacer-size));--align-self:var(--container-widget-align-self,initial);--flex-shrink:0}.e-con-inner>.elementor-widget-spacer>.elementor-widget-container,.e-con>.elementor-widget-spacer>.elementor-widget-container{height:100%;width:100%}.e-con-inner>.elementor-widget-spacer>.elementor-widget-container>.elementor-spacer,.e-con>.elementor-widget-spacer>.elementor-widget-container>.elementor-spacer{height:100%}.e-con-inner>.elementor-widget-spacer>.elementor-widget-container>.elementor-spacer>.elementor-spacer-inner,.e-con>.elementor-widget-spacer>.elementor-widget-container>.elementor-spacer>.elementor-spacer-inner{height:var(--container-widget-height,var(--spacer-size))}.e-con-inner>.elementor-widget-spacer.elementor-widget-empty,.e-con>.elementor-widget-spacer.elementor-widget-empty{position:relative;min-height:22px;min-width:22px}.e-con-inner>.elementor-widget-spacer.elementor-widget-empty .elementor-widget-empty-icon,.e-con>.elementor-widget-spacer.elementor-widget-empty .elementor-widget-empty-icon{position:absolute;top:0;bottom:0;left:0;right:0;margin:auto;padding:0;width:22px;height:22px}<\/style>\t\t<div class=\"elementor-spacer\">\n\t\t\t<div class=\"elementor-spacer-inner\"><\/div>\n\t\t<\/div>\n\t\t\t\t<\/div>\n\t\t\t\t<\/div>\n\t\t\t\t\t<\/div>\n\t\t\t\t<\/div>\n\t\t\t\t<\/div>\n\t\t","protected":false},"excerpt":{"rendered":"<p>Punta Cana, Republica Dominicana 18 de septiembre de 2023 Una verdadera Gala Internacional la celebrada en Punta Cana, Rep\u00fablica Dominicana, organizada en colaboraci\u00f3n con el Partner Jes International. \u00a0 Una verdadera Gala Internacional la celebrada en Rep\u00fablica Dominicana, en un lugar excepcional: el Barcel\u00f3 B\u00e1varo Beach, un hotel exclusivo ubicado directamente en la playa de [&hellip;]<\/p>\n","protected":false},"author":1,"featured_media":5412,"comment_status":"open","ping_status":"open","sticky":false,"template":"","format":"standard","meta":{"footnotes":""},"categories":[103],"tags":[],"class_list":["post-5409","post","type-post","status-publish","format-standard","has-post-thumbnail","hentry","category-news"],"yoast_head":"<!-- This site is optimized with the Yoast SEO plugin v22.1 - https:\/\/yoast.com\/wordpress\/plugins\/seo\/ -->\n<title>Por incentivos de compras viaja - CosmoItalia<\/title>\n<meta name=\"robots\" content=\"index, follow, max-snippet:-1, max-image-preview:large, max-video-preview:-1\" \/>\n<link rel=\"canonical\" href=\"https:\/\/cosmoitalia.net\/index.php\/2023\/09\/28\/gala-helen-seward-2023\/\" \/>\n<meta property=\"og:locale\" content=\"es_MX\" \/>\n<meta property=\"og:type\" content=\"article\" \/>\n<meta property=\"og:title\" content=\"Por incentivos de compras viaja - CosmoItalia\" \/>\n<meta property=\"og:description\" content=\"Punta Cana, Republica Dominicana 18 de septiembre de 2023 Una verdadera Gala Internacional la celebrada en Punta Cana, Rep\u00fablica Dominicana, organizada en colaboraci\u00f3n con el Partner Jes International. \u00a0 Una verdadera Gala Internacional la celebrada en Rep\u00fablica Dominicana, en un lugar excepcional: el Barcel\u00f3 B\u00e1varo Beach, un hotel exclusivo ubicado directamente en la playa de [&hellip;]\" \/>\n<meta property=\"og:url\" content=\"https:\/\/cosmoitalia.net\/index.php\/2023\/09\/28\/gala-helen-seward-2023\/\" \/>\n<meta property=\"og:site_name\" content=\"CosmoItalia\" \/>\n<meta property=\"article:published_time\" content=\"2023-09-28T02:37:07+00:00\" \/>\n<meta property=\"article:modified_time\" content=\"2024-02-07T22:38:35+00:00\" \/>\n<meta property=\"og:image\" content=\"https:\/\/cosmoitalia.net\/wp-content\/uploads\/2023\/09\/WhatsApp-Image-2023-09-27-at-8.35.58-PM.jpeg\" \/>\n\t<meta property=\"og:image:width\" content=\"1600\" \/>\n\t<meta property=\"og:image:height\" content=\"1200\" \/>\n\t<meta property=\"og:image:type\" content=\"image\/jpeg\" \/>\n<meta name=\"author\" content=\"cosmo-admin\" \/>\n<meta name=\"twitter:card\" content=\"summary_large_image\" \/>\n<meta name=\"twitter:label1\" content=\"Escrito por\" \/>\n\t<meta name=\"twitter:data1\" content=\"cosmo-admin\" \/>\n\t<meta name=\"twitter:label2\" content=\"Tiempo de lectura\" \/>\n\t<meta name=\"twitter:data2\" content=\"1 minuto\" \/>\n<script type=\"application\/ld+json\" class=\"yoast-schema-graph\">{\"@context\":\"https:\/\/schema.org\",\"@graph\":[{\"@type\":\"Article\",\"@id\":\"https:\/\/cosmoitalia.net\/index.php\/2023\/09\/28\/gala-helen-seward-2023\/#article\",\"isPartOf\":{\"@id\":\"https:\/\/cosmoitalia.net\/index.php\/2023\/09\/28\/gala-helen-seward-2023\/\"},\"author\":{\"name\":\"cosmo-admin\",\"@id\":\"https:\/\/cosmoitalia.net\/#\/schema\/person\/986eb843d073021efa7f4dc4a1321daf\"},\"headline\":\"Por incentivos de compras viaja\",\"datePublished\":\"2023-09-28T02:37:07+00:00\",\"dateModified\":\"2024-02-07T22:38:35+00:00\",\"mainEntityOfPage\":{\"@id\":\"https:\/\/cosmoitalia.net\/index.php\/2023\/09\/28\/gala-helen-seward-2023\/\"},\"wordCount\":176,\"commentCount\":0,\"publisher\":{\"@id\":\"https:\/\/cosmoitalia.net\/#organization\"},\"articleSection\":[\"Noticias\"],\"inLanguage\":\"es\",\"potentialAction\":[{\"@type\":\"CommentAction\",\"name\":\"Comment\",\"target\":[\"https:\/\/cosmoitalia.net\/index.php\/2023\/09\/28\/gala-helen-seward-2023\/#respond\"]}]},{\"@type\":\"WebPage\",\"@id\":\"https:\/\/cosmoitalia.net\/index.php\/2023\/09\/28\/gala-helen-seward-2023\/\",\"url\":\"https:\/\/cosmoitalia.net\/index.php\/2023\/09\/28\/gala-helen-seward-2023\/\",\"name\":\"Por incentivos de compras viaja - CosmoItalia\",\"isPartOf\":{\"@id\":\"https:\/\/cosmoitalia.net\/#website\"},\"datePublished\":\"2023-09-28T02:37:07+00:00\",\"dateModified\":\"2024-02-07T22:38:35+00:00\",\"breadcrumb\":{\"@id\":\"https:\/\/cosmoitalia.net\/index.php\/2023\/09\/28\/gala-helen-seward-2023\/#breadcrumb\"},\"inLanguage\":\"es\",\"potentialAction\":[{\"@type\":\"ReadAction\",\"target\":[\"https:\/\/cosmoitalia.net\/index.php\/2023\/09\/28\/gala-helen-seward-2023\/\"]}]},{\"@type\":\"BreadcrumbList\",\"@id\":\"https:\/\/cosmoitalia.net\/index.php\/2023\/09\/28\/gala-helen-seward-2023\/#breadcrumb\",\"itemListElement\":[{\"@type\":\"ListItem\",\"position\":1,\"name\":\"Inicio\",\"item\":\"https:\/\/cosmoitalia.net\/\"},{\"@type\":\"ListItem\",\"position\":2,\"name\":\"Por incentivos de compras viaja\"}]},{\"@type\":\"WebSite\",\"@id\":\"https:\/\/cosmoitalia.net\/#website\",\"url\":\"https:\/\/cosmoitalia.net\/\",\"name\":\"CosmoItalia\",\"description\":\"\",\"publisher\":{\"@id\":\"https:\/\/cosmoitalia.net\/#organization\"},\"potentialAction\":[{\"@type\":\"SearchAction\",\"target\":{\"@type\":\"EntryPoint\",\"urlTemplate\":\"https:\/\/cosmoitalia.net\/?s={search_term_string}\"},\"query-input\":\"required name=search_term_string\"}],\"inLanguage\":\"es\"},{\"@type\":\"Organization\",\"@id\":\"https:\/\/cosmoitalia.net\/#organization\",\"name\":\"CosmoItalia\",\"url\":\"https:\/\/cosmoitalia.net\/\",\"logo\":{\"@type\":\"ImageObject\",\"inLanguage\":\"es\",\"@id\":\"https:\/\/cosmoitalia.net\/#\/schema\/logo\/image\/\",\"url\":\"https:\/\/cosmoitalia.net\/wp-content\/uploads\/2023\/09\/cropped-cropped-LOGO_COSMOITALIA-preview-1.png\",\"contentUrl\":\"https:\/\/cosmoitalia.net\/wp-content\/uploads\/2023\/09\/cropped-cropped-LOGO_COSMOITALIA-preview-1.png\",\"width\":498,\"height\":142,\"caption\":\"CosmoItalia\"},\"image\":{\"@id\":\"https:\/\/cosmoitalia.net\/#\/schema\/logo\/image\/\"}},{\"@type\":\"Person\",\"@id\":\"https:\/\/cosmoitalia.net\/#\/schema\/person\/986eb843d073021efa7f4dc4a1321daf\",\"name\":\"cosmo-admin\",\"image\":{\"@type\":\"ImageObject\",\"inLanguage\":\"es\",\"@id\":\"https:\/\/cosmoitalia.net\/#\/schema\/person\/image\/\",\"url\":\"https:\/\/secure.gravatar.com\/avatar\/c1b10c3443b3cdebd88bdecbc33983cd4b7c529b7a593d14dad0881d81490271?s=96&d=mm&r=g\",\"contentUrl\":\"https:\/\/secure.gravatar.com\/avatar\/c1b10c3443b3cdebd88bdecbc33983cd4b7c529b7a593d14dad0881d81490271?s=96&d=mm&r=g\",\"caption\":\"cosmo-admin\"},\"sameAs\":[\"https:\/\/cosmoitalia.net\"],\"url\":\"https:\/\/cosmoitalia.net\/index.php\/author\/cosmo-admin\/\"}]}<\/script>\n<!-- \/ Yoast SEO plugin. -->","yoast_head_json":{"title":"Por incentivos de compras viaja - CosmoItalia","robots":{"index":"index","follow":"follow","max-snippet":"max-snippet:-1","max-image-preview":"max-image-preview:large","max-video-preview":"max-video-preview:-1"},"canonical":"https:\/\/cosmoitalia.net\/index.php\/2023\/09\/28\/gala-helen-seward-2023\/","og_locale":"es_MX","og_type":"article","og_title":"Por incentivos de compras viaja - CosmoItalia","og_description":"Punta Cana, Republica Dominicana 18 de septiembre de 2023 Una verdadera Gala Internacional la celebrada en Punta Cana, Rep\u00fablica Dominicana, organizada en colaboraci\u00f3n con el Partner Jes International. \u00a0 Una verdadera Gala Internacional la celebrada en Rep\u00fablica Dominicana, en un lugar excepcional: el Barcel\u00f3 B\u00e1varo Beach, un hotel exclusivo ubicado directamente en la playa de [&hellip;]","og_url":"https:\/\/cosmoitalia.net\/index.php\/2023\/09\/28\/gala-helen-seward-2023\/","og_site_name":"CosmoItalia","article_published_time":"2023-09-28T02:37:07+00:00","article_modified_time":"2024-02-07T22:38:35+00:00","og_image":[{"width":1600,"height":1200,"url":"https:\/\/cosmoitalia.net\/wp-content\/uploads\/2023\/09\/WhatsApp-Image-2023-09-27-at-8.35.58-PM.jpeg","type":"image\/jpeg"}],"author":"cosmo-admin","twitter_card":"summary_large_image","twitter_misc":{"Escrito por":"cosmo-admin","Tiempo de lectura":"1 minuto"},"schema":{"@context":"https:\/\/schema.org","@graph":[{"@type":"Article","@id":"https:\/\/cosmoitalia.net\/index.php\/2023\/09\/28\/gala-helen-seward-2023\/#article","isPartOf":{"@id":"https:\/\/cosmoitalia.net\/index.php\/2023\/09\/28\/gala-helen-seward-2023\/"},"author":{"name":"cosmo-admin","@id":"https:\/\/cosmoitalia.net\/#\/schema\/person\/986eb843d073021efa7f4dc4a1321daf"},"headline":"Por incentivos de compras viaja","datePublished":"2023-09-28T02:37:07+00:00","dateModified":"2024-02-07T22:38:35+00:00","mainEntityOfPage":{"@id":"https:\/\/cosmoitalia.net\/index.php\/2023\/09\/28\/gala-helen-seward-2023\/"},"wordCount":176,"commentCount":0,"publisher":{"@id":"https:\/\/cosmoitalia.net\/#organization"},"articleSection":["Noticias"],"inLanguage":"es","potentialAction":[{"@type":"CommentAction","name":"Comment","target":["https:\/\/cosmoitalia.net\/index.php\/2023\/09\/28\/gala-helen-seward-2023\/#respond"]}]},{"@type":"WebPage","@id":"https:\/\/cosmoitalia.net\/index.php\/2023\/09\/28\/gala-helen-seward-2023\/","url":"https:\/\/cosmoitalia.net\/index.php\/2023\/09\/28\/gala-helen-seward-2023\/","name":"Por incentivos de compras viaja - CosmoItalia","isPartOf":{"@id":"https:\/\/cosmoitalia.net\/#website"},"datePublished":"2023-09-28T02:37:07+00:00","dateModified":"2024-02-07T22:38:35+00:00","breadcrumb":{"@id":"https:\/\/cosmoitalia.net\/index.php\/2023\/09\/28\/gala-helen-seward-2023\/#breadcrumb"},"inLanguage":"es","potentialAction":[{"@type":"ReadAction","target":["https:\/\/cosmoitalia.net\/index.php\/2023\/09\/28\/gala-helen-seward-2023\/"]}]},{"@type":"BreadcrumbList","@id":"https:\/\/cosmoitalia.net\/index.php\/2023\/09\/28\/gala-helen-seward-2023\/#breadcrumb","itemListElement":[{"@type":"ListItem","position":1,"name":"Inicio","item":"https:\/\/cosmoitalia.net\/"},{"@type":"ListItem","position":2,"name":"Por incentivos de compras viaja"}]},{"@type":"WebSite","@id":"https:\/\/cosmoitalia.net\/#website","url":"https:\/\/cosmoitalia.net\/","name":"CosmoItalia","description":"","publisher":{"@id":"https:\/\/cosmoitalia.net\/#organization"},"potentialAction":[{"@type":"SearchAction","target":{"@type":"EntryPoint","urlTemplate":"https:\/\/cosmoitalia.net\/?s={search_term_string}"},"query-input":"required name=search_term_string"}],"inLanguage":"es"},{"@type":"Organization","@id":"https:\/\/cosmoitalia.net\/#organization","name":"CosmoItalia","url":"https:\/\/cosmoitalia.net\/","logo":{"@type":"ImageObject","inLanguage":"es","@id":"https:\/\/cosmoitalia.net\/#\/schema\/logo\/image\/","url":"https:\/\/cosmoitalia.net\/wp-content\/uploads\/2023\/09\/cropped-cropped-LOGO_COSMOITALIA-preview-1.png","contentUrl":"https:\/\/cosmoitalia.net\/wp-content\/uploads\/2023\/09\/cropped-cropped-LOGO_COSMOITALIA-preview-1.png","width":498,"height":142,"caption":"CosmoItalia"},"image":{"@id":"https:\/\/cosmoitalia.net\/#\/schema\/logo\/image\/"}},{"@type":"Person","@id":"https:\/\/cosmoitalia.net\/#\/schema\/person\/986eb843d073021efa7f4dc4a1321daf","name":"cosmo-admin","image":{"@type":"ImageObject","inLanguage":"es","@id":"https:\/\/cosmoitalia.net\/#\/schema\/person\/image\/","url":"https:\/\/secure.gravatar.com\/avatar\/c1b10c3443b3cdebd88bdecbc33983cd4b7c529b7a593d14dad0881d81490271?s=96&d=mm&r=g","contentUrl":"https:\/\/secure.gravatar.com\/avatar\/c1b10c3443b3cdebd88bdecbc33983cd4b7c529b7a593d14dad0881d81490271?s=96&d=mm&r=g","caption":"cosmo-admin"},"sameAs":["https:\/\/cosmoitalia.net"],"url":"https:\/\/cosmoitalia.net\/index.php\/author\/cosmo-admin\/"}]}},"_links":{"self":[{"href":"https:\/\/cosmoitalia.net\/index.php\/wp-json\/wp\/v2\/posts\/5409","targetHints":{"allow":["GET"]}}],"collection":[{"href":"https:\/\/cosmoitalia.net\/index.php\/wp-json\/wp\/v2\/posts"}],"about":[{"href":"https:\/\/cosmoitalia.net\/index.php\/wp-json\/wp\/v2\/types\/post"}],"author":[{"embeddable":true,"href":"https:\/\/cosmoitalia.net\/index.php\/wp-json\/wp\/v2\/users\/1"}],"replies":[{"embeddable":true,"href":"https:\/\/cosmoitalia.net\/index.php\/wp-json\/wp\/v2\/comments?post=5409"}],"version-history":[{"count":0,"href":"https:\/\/cosmoitalia.net\/index.php\/wp-json\/wp\/v2\/posts\/5409\/revisions"}],"wp:featuredmedia":[{"embeddable":true,"href":"https:\/\/cosmoitalia.net\/index.php\/wp-json\/wp\/v2\/media\/5412"}],"wp:attachment":[{"href":"https:\/\/cosmoitalia.net\/index.php\/wp-json\/wp\/v2\/media?parent=5409"}],"wp:term":[{"taxonomy":"category","embeddable":true,"href":"https:\/\/cosmoitalia.net\/index.php\/wp-json\/wp\/v2\/categories?post=5409"},{"taxonomy":"post_tag","embeddable":true,"href":"https:\/\/cosmoitalia.net\/index.php\/wp-json\/wp\/v2\/tags?post=5409"}],"curies":[{"name":"wp","href":"https:\/\/api.w.org\/{rel}","templated":true}]}}