{"id":5386,"date":"2023-09-28T01:59:10","date_gmt":"2023-09-28T01:59:10","guid":{"rendered":"https:\/\/cosmoitalia.net\/?p=5386"},"modified":"2023-10-01T06:01:06","modified_gmt":"2023-10-01T06:01:06","slug":"random","status":"publish","type":"post","link":"https:\/\/cosmoitalia.net\/index.php\/2023\/09\/28\/random\/","title":{"rendered":"\u00bfC\u00f3mo cuidar tu cabello te\u00f1ido en verano?"},"content":{"rendered":"\t\t<div data-elementor-type=\"wp-post\" data-elementor-id=\"5386\" class=\"elementor elementor-5386\" data-elementor-post-type=\"post\">\n\t\t\t\t<div class=\"elementor-element elementor-element-fa7b60f e-flex e-con-boxed wpr-particle-no wpr-jarallax-no wpr-parallax-no wpr-sticky-section-no e-con e-parent\" data-id=\"fa7b60f\" data-element_type=\"container\" data-settings=\"{&quot;content_width&quot;:&quot;boxed&quot;}\" data-core-v316-plus=\"true\">\n\t\t\t\t\t<div class=\"e-con-inner\">\n\t\t\t\t<div class=\"elementor-element elementor-element-ece7390 elementor-position-right elementor-vertical-align-top elementor-widget elementor-widget-image-box\" data-id=\"ece7390\" data-element_type=\"widget\" data-widget_type=\"image-box.default\">\n\t\t\t\t<div class=\"elementor-widget-container\">\n\t\t\t<style>\/*! elementor - v3.19.0 - 28-02-2024 *\/\n.elementor-widget-image-box .elementor-image-box-content{width:100%}@media (min-width:768px){.elementor-widget-image-box.elementor-position-left .elementor-image-box-wrapper,.elementor-widget-image-box.elementor-position-right .elementor-image-box-wrapper{display:flex}.elementor-widget-image-box.elementor-position-right .elementor-image-box-wrapper{text-align:right;flex-direction:row-reverse}.elementor-widget-image-box.elementor-position-left .elementor-image-box-wrapper{text-align:left;flex-direction:row}.elementor-widget-image-box.elementor-position-top .elementor-image-box-img{margin:auto}.elementor-widget-image-box.elementor-vertical-align-top .elementor-image-box-wrapper{align-items:flex-start}.elementor-widget-image-box.elementor-vertical-align-middle .elementor-image-box-wrapper{align-items:center}.elementor-widget-image-box.elementor-vertical-align-bottom .elementor-image-box-wrapper{align-items:flex-end}}@media (max-width:767px){.elementor-widget-image-box .elementor-image-box-img{margin-left:auto!important;margin-right:auto!important;margin-bottom:15px}}.elementor-widget-image-box .elementor-image-box-img{display:inline-block}.elementor-widget-image-box .elementor-image-box-title a{color:inherit}.elementor-widget-image-box .elementor-image-box-wrapper{text-align:center}.elementor-widget-image-box .elementor-image-box-description{margin:0}<\/style><div class=\"elementor-image-box-wrapper\"><figure class=\"elementor-image-box-img\"><img fetchpriority=\"high\" decoding=\"async\" width=\"1024\" height=\"1024\" src=\"https:\/\/cosmoitalia.net\/wp-content\/uploads\/2023\/09\/WhatsApp-Image-2023-09-30-at-11.33.02-PM.jpeg\" class=\"attachment-full size-full wp-image-5593\" alt=\"\" srcset=\"https:\/\/cosmoitalia.net\/wp-content\/uploads\/2023\/09\/WhatsApp-Image-2023-09-30-at-11.33.02-PM.jpeg 1024w, https:\/\/cosmoitalia.net\/wp-content\/uploads\/2023\/09\/WhatsApp-Image-2023-09-30-at-11.33.02-PM-300x300.jpeg 300w, https:\/\/cosmoitalia.net\/wp-content\/uploads\/2023\/09\/WhatsApp-Image-2023-09-30-at-11.33.02-PM-150x150.jpeg 150w, https:\/\/cosmoitalia.net\/wp-content\/uploads\/2023\/09\/WhatsApp-Image-2023-09-30-at-11.33.02-PM-768x768.jpeg 768w, https:\/\/cosmoitalia.net\/wp-content\/uploads\/2023\/09\/WhatsApp-Image-2023-09-30-at-11.33.02-PM-600x600.jpeg 600w, https:\/\/cosmoitalia.net\/wp-content\/uploads\/2023\/09\/WhatsApp-Image-2023-09-30-at-11.33.02-PM-100x100.jpeg 100w\" sizes=\"(max-width: 1024px) 100vw, 1024px\" \/><\/figure><div class=\"elementor-image-box-content\"><p class=\"elementor-image-box-description\"><span style=\"text-align: justify; white-space-collapse: collapse;\">Mant\u00e9n tu cabello lejos de los rayos del sol siempre que puedas.<\/span><br>Para evitar que los rayos del sol perjudiquen el tinte de tu cabello puedes optar por un sombrero o un pa\u00f1uelo, para poder cubrirte y evitar cualquier da\u00f1o a causa del sol.\n\nPero, si lo tuyo no es cargar objetos y prefieres lucir tu cabello, puedes optar por productos que restauren la fibra capilar luego de recibir los rayos del sol, la mascarilla suncare que te ayuda a hidratar y nutrir profundamente, devolviendo suavidad, peinabilidad y luminosidad a los cabellos da\u00f1ados por el sol, la salinidad y el cloro. Tambi\u00e9n es importante que tomes en cuenta un producto de uso diario para evitar el cabello seco, como el b\u00e1lsamo de trend toujours que es espec\u00edfico para estos casos que existen en dos variantes para cabello con y sin color.\n\nLa mascarilla te servir\u00e1 para reestructurar tu cabello luego del da\u00f1o y el b\u00e1lsamo para un tratamiento diario que puede utilizar despu\u00e9s del shampoo, las dos se aplican de medias a puntas.\n\nCon este cuidado evitar\u00e1s que el regreso al sal\u00f3n de belleza sea dram\u00e1tico<\/p><\/div><\/div>\t\t<\/div>\n\t\t\t\t<\/div>\n\t\t\t\t\t<\/div>\n\t\t\t\t<\/div>\n\t\t<div class=\"elementor-element elementor-element-1d40931 e-flex e-con-boxed wpr-particle-no wpr-jarallax-no wpr-parallax-no wpr-sticky-section-no e-con e-parent\" data-id=\"1d40931\" data-element_type=\"container\" data-settings=\"{&quot;content_width&quot;:&quot;boxed&quot;}\" data-core-v316-plus=\"true\">\n\t\t\t\t\t<div class=\"e-con-inner\">\n\t\t\t\t<div class=\"elementor-element elementor-element-337d1ee elementor-position-left elementor-vertical-align-top elementor-widget elementor-widget-image-box\" data-id=\"337d1ee\" data-element_type=\"widget\" data-widget_type=\"image-box.default\">\n\t\t\t\t<div class=\"elementor-widget-container\">\n\t\t\t<div class=\"elementor-image-box-wrapper\"><figure class=\"elementor-image-box-img\"><img decoding=\"async\" width=\"626\" height=\"417\" src=\"https:\/\/cosmoitalia.net\/wp-content\/uploads\/2023\/09\/WhatsApp-Image-2023-09-30-at-11.33.02-PM-1-1.jpeg\" class=\"attachment-full size-full wp-image-5605\" alt=\"\" srcset=\"https:\/\/cosmoitalia.net\/wp-content\/uploads\/2023\/09\/WhatsApp-Image-2023-09-30-at-11.33.02-PM-1-1.jpeg 626w, https:\/\/cosmoitalia.net\/wp-content\/uploads\/2023\/09\/WhatsApp-Image-2023-09-30-at-11.33.02-PM-1-1-300x200.jpeg 300w, https:\/\/cosmoitalia.net\/wp-content\/uploads\/2023\/09\/WhatsApp-Image-2023-09-30-at-11.33.02-PM-1-1-600x400.jpeg 600w\" sizes=\"(max-width: 626px) 100vw, 626px\" \/><\/figure><div class=\"elementor-image-box-content\"><p class=\"elementor-image-box-description\">A la hora del lavado es muy importante que utilices un shampoo especial para cuidar tu cabello y la temperatura del agua, no puede ser caliente ya que esto har\u00e1 que poco a poco se debilite el color.\n\nAdem\u00e1s debes de eliminar todo resto de agente da\u00f1ino, como restos de cloro o arena.<\/p><\/div><\/div>\t\t<\/div>\n\t\t\t\t<\/div>\n\t\t\t\t\t<\/div>\n\t\t\t\t<\/div>\n\t\t<div class=\"elementor-element elementor-element-9fdc57b e-flex e-con-boxed wpr-particle-no wpr-jarallax-no wpr-parallax-no wpr-sticky-section-no e-con e-parent\" data-id=\"9fdc57b\" data-element_type=\"container\" data-settings=\"{&quot;content_width&quot;:&quot;boxed&quot;}\" data-core-v316-plus=\"true\">\n\t\t\t\t\t<div class=\"e-con-inner\">\n\t\t\t\t<div class=\"elementor-element elementor-element-8112e9b elementor-position-right elementor-vertical-align-top elementor-widget elementor-widget-image-box\" data-id=\"8112e9b\" data-element_type=\"widget\" data-widget_type=\"image-box.default\">\n\t\t\t\t<div class=\"elementor-widget-container\">\n\t\t\t<div class=\"elementor-image-box-wrapper\"><figure class=\"elementor-image-box-img\"><img decoding=\"async\" width=\"600\" height=\"600\" src=\"https:\/\/cosmoitalia.net\/wp-content\/uploads\/2023\/09\/WhatsApp-Image-2023-09-30-at-11.33.02-PM-3.jpeg\" class=\"attachment-full size-full wp-image-5604\" alt=\"\" srcset=\"https:\/\/cosmoitalia.net\/wp-content\/uploads\/2023\/09\/WhatsApp-Image-2023-09-30-at-11.33.02-PM-3.jpeg 600w, https:\/\/cosmoitalia.net\/wp-content\/uploads\/2023\/09\/WhatsApp-Image-2023-09-30-at-11.33.02-PM-3-300x300.jpeg 300w, https:\/\/cosmoitalia.net\/wp-content\/uploads\/2023\/09\/WhatsApp-Image-2023-09-30-at-11.33.02-PM-3-150x150.jpeg 150w, https:\/\/cosmoitalia.net\/wp-content\/uploads\/2023\/09\/WhatsApp-Image-2023-09-30-at-11.33.02-PM-3-100x100.jpeg 100w\" sizes=\"(max-width: 600px) 100vw, 600px\" \/><\/figure><div class=\"elementor-image-box-content\"><p class=\"elementor-image-box-description\">El cabello con color tiende a quebrarse y secarse con facilidad y en veranos esto se puede complicar, as\u00ed que lo recomendable es siempre utilizar prote\u00ednas de styling que proteja hidratando y cuidando el color de tu cabello.\n\nSon recomendables las prote\u00ednas two shoots, las gotitas ultimated fluid y el antifrizz smoth bliss.<\/p><\/div><\/div>\t\t<\/div>\n\t\t\t\t<\/div>\n\t\t\t\t\t<\/div>\n\t\t\t\t<\/div>\n\t\t<div class=\"elementor-element elementor-element-011b0b6 e-flex e-con-boxed wpr-particle-no wpr-jarallax-no wpr-parallax-no wpr-sticky-section-no e-con e-parent\" data-id=\"011b0b6\" data-element_type=\"container\" data-settings=\"{&quot;content_width&quot;:&quot;boxed&quot;}\" data-core-v316-plus=\"true\">\n\t\t\t\t\t<div class=\"e-con-inner\">\n\t\t\t\t<div class=\"elementor-element elementor-element-52f8b06 elementor-position-left elementor-vertical-align-top elementor-widget elementor-widget-image-box\" data-id=\"52f8b06\" data-element_type=\"widget\" data-widget_type=\"image-box.default\">\n\t\t\t\t<div class=\"elementor-widget-container\">\n\t\t\t<div class=\"elementor-image-box-wrapper\"><figure class=\"elementor-image-box-img\"><img loading=\"lazy\" decoding=\"async\" width=\"600\" height=\"600\" src=\"https:\/\/cosmoitalia.net\/wp-content\/uploads\/2023\/09\/WhatsApp-Image-2023-09-30-at-11.33.02-PM-2.jpeg\" class=\"attachment-full size-full wp-image-5602\" alt=\"\" srcset=\"https:\/\/cosmoitalia.net\/wp-content\/uploads\/2023\/09\/WhatsApp-Image-2023-09-30-at-11.33.02-PM-2.jpeg 600w, https:\/\/cosmoitalia.net\/wp-content\/uploads\/2023\/09\/WhatsApp-Image-2023-09-30-at-11.33.02-PM-2-300x300.jpeg 300w, https:\/\/cosmoitalia.net\/wp-content\/uploads\/2023\/09\/WhatsApp-Image-2023-09-30-at-11.33.02-PM-2-150x150.jpeg 150w, https:\/\/cosmoitalia.net\/wp-content\/uploads\/2023\/09\/WhatsApp-Image-2023-09-30-at-11.33.02-PM-2-100x100.jpeg 100w\" sizes=\"(max-width: 600px) 100vw, 600px\" \/><\/figure><div class=\"elementor-image-box-content\"><p class=\"elementor-image-box-description\">Con todas estas recomendaciones ya puedes tener la libertad de disfrutar tu verano, sin preocuparte del tinte de tu cabello y de la resequedad que te cause el sol, la sal del mar o el cloro.\n\n\u00a1Recuerda! debes mojarte el cabello antes de entrar en la piscina o en el mar. El cabello absorbe agua y el mojarte el cabello antes de entrar a la piscina o al mar \n\n\u201cComo el pelo es poroso y absorbe agua, si ya est\u00e1 mojado antes de entrar en contacto con la sal o el cloro, su poder de penetraci\u00f3n es menor. Esto favorece un menor contacto con agentes irritantes.\n\nDel mismo modo, \u201ces recomendable que al salir de la piscina o el mar enjuaguemos el cabello con agua para retirar los restos de sal o de cloro\u201d.<\/p><\/div><\/div>\t\t<\/div>\n\t\t\t\t<\/div>\n\t\t\t\t\t<\/div>\n\t\t\t\t<\/div>\n\t\t\t\t<\/div>\n\t\t","protected":false},"excerpt":{"rendered":"<p>Mant\u00e9n tu cabello lejos de los rayos del sol siempre que puedas. Para evitar que los rayos del sol perjudiquen el tinte de tu cabello puedes optar por un sombrero o un pa\u00f1uelo, para poder cubrirte y evitar cualquier da\u00f1o a causa del sol. Pero, si lo tuyo no es cargar objetos y prefieres lucir [&hellip;]<\/p>\n","protected":false},"author":1,"featured_media":5605,"comment_status":"open","ping_status":"open","sticky":false,"template":"","format":"standard","meta":{"footnotes":""},"categories":[104],"tags":[],"class_list":["post-5386","post","type-post","status-publish","format-standard","has-post-thumbnail","hentry","category-blog"],"yoast_head":"<!-- This site is optimized with the Yoast SEO plugin v22.1 - https:\/\/yoast.com\/wordpress\/plugins\/seo\/ -->\n<title>\u00bfC\u00f3mo cuidar tu cabello te\u00f1ido en verano? - CosmoItalia<\/title>\n<meta name=\"robots\" content=\"index, follow, max-snippet:-1, max-image-preview:large, max-video-preview:-1\" \/>\n<link rel=\"canonical\" href=\"https:\/\/cosmoitalia.net\/index.php\/2023\/09\/28\/random\/\" \/>\n<meta property=\"og:locale\" content=\"es_MX\" \/>\n<meta property=\"og:type\" content=\"article\" \/>\n<meta property=\"og:title\" content=\"\u00bfC\u00f3mo cuidar tu cabello te\u00f1ido en verano? - CosmoItalia\" \/>\n<meta property=\"og:description\" content=\"Mant\u00e9n tu cabello lejos de los rayos del sol siempre que puedas. Para evitar que los rayos del sol perjudiquen el tinte de tu cabello puedes optar por un sombrero o un pa\u00f1uelo, para poder cubrirte y evitar cualquier da\u00f1o a causa del sol. Pero, si lo tuyo no es cargar objetos y prefieres lucir [&hellip;]\" \/>\n<meta property=\"og:url\" content=\"https:\/\/cosmoitalia.net\/index.php\/2023\/09\/28\/random\/\" \/>\n<meta property=\"og:site_name\" content=\"CosmoItalia\" \/>\n<meta property=\"article:published_time\" content=\"2023-09-28T01:59:10+00:00\" \/>\n<meta property=\"article:modified_time\" content=\"2023-10-01T06:01:06+00:00\" \/>\n<meta property=\"og:image\" content=\"https:\/\/cosmoitalia.net\/wp-content\/uploads\/2023\/09\/WhatsApp-Image-2023-09-30-at-11.33.02-PM-1-1.jpeg\" \/>\n\t<meta property=\"og:image:width\" content=\"626\" \/>\n\t<meta property=\"og:image:height\" content=\"417\" \/>\n\t<meta property=\"og:image:type\" content=\"image\/jpeg\" \/>\n<meta name=\"author\" content=\"cosmo-admin\" \/>\n<meta name=\"twitter:card\" content=\"summary_large_image\" \/>\n<meta name=\"twitter:label1\" content=\"Escrito por\" \/>\n\t<meta name=\"twitter:data1\" content=\"cosmo-admin\" \/>\n\t<meta name=\"twitter:label2\" content=\"Tiempo de lectura\" \/>\n\t<meta name=\"twitter:data2\" content=\"2 minutos\" \/>\n<script type=\"application\/ld+json\" class=\"yoast-schema-graph\">{\"@context\":\"https:\/\/schema.org\",\"@graph\":[{\"@type\":\"Article\",\"@id\":\"https:\/\/cosmoitalia.net\/index.php\/2023\/09\/28\/random\/#article\",\"isPartOf\":{\"@id\":\"https:\/\/cosmoitalia.net\/index.php\/2023\/09\/28\/random\/\"},\"author\":{\"name\":\"cosmo-admin\",\"@id\":\"https:\/\/cosmoitalia.net\/#\/schema\/person\/986eb843d073021efa7f4dc4a1321daf\"},\"headline\":\"\u00bfC\u00f3mo cuidar tu cabello te\u00f1ido en verano?\",\"datePublished\":\"2023-09-28T01:59:10+00:00\",\"dateModified\":\"2023-10-01T06:01:06+00:00\",\"mainEntityOfPage\":{\"@id\":\"https:\/\/cosmoitalia.net\/index.php\/2023\/09\/28\/random\/\"},\"wordCount\":453,\"commentCount\":0,\"publisher\":{\"@id\":\"https:\/\/cosmoitalia.net\/#organization\"},\"articleSection\":[\"Blog\"],\"inLanguage\":\"es\",\"potentialAction\":[{\"@type\":\"CommentAction\",\"name\":\"Comment\",\"target\":[\"https:\/\/cosmoitalia.net\/index.php\/2023\/09\/28\/random\/#respond\"]}]},{\"@type\":\"WebPage\",\"@id\":\"https:\/\/cosmoitalia.net\/index.php\/2023\/09\/28\/random\/\",\"url\":\"https:\/\/cosmoitalia.net\/index.php\/2023\/09\/28\/random\/\",\"name\":\"\u00bfC\u00f3mo cuidar tu cabello te\u00f1ido en verano? - CosmoItalia\",\"isPartOf\":{\"@id\":\"https:\/\/cosmoitalia.net\/#website\"},\"datePublished\":\"2023-09-28T01:59:10+00:00\",\"dateModified\":\"2023-10-01T06:01:06+00:00\",\"breadcrumb\":{\"@id\":\"https:\/\/cosmoitalia.net\/index.php\/2023\/09\/28\/random\/#breadcrumb\"},\"inLanguage\":\"es\",\"potentialAction\":[{\"@type\":\"ReadAction\",\"target\":[\"https:\/\/cosmoitalia.net\/index.php\/2023\/09\/28\/random\/\"]}]},{\"@type\":\"BreadcrumbList\",\"@id\":\"https:\/\/cosmoitalia.net\/index.php\/2023\/09\/28\/random\/#breadcrumb\",\"itemListElement\":[{\"@type\":\"ListItem\",\"position\":1,\"name\":\"Inicio\",\"item\":\"https:\/\/cosmoitalia.net\/\"},{\"@type\":\"ListItem\",\"position\":2,\"name\":\"\u00bfC\u00f3mo cuidar tu cabello te\u00f1ido en verano?\"}]},{\"@type\":\"WebSite\",\"@id\":\"https:\/\/cosmoitalia.net\/#website\",\"url\":\"https:\/\/cosmoitalia.net\/\",\"name\":\"CosmoItalia\",\"description\":\"\",\"publisher\":{\"@id\":\"https:\/\/cosmoitalia.net\/#organization\"},\"potentialAction\":[{\"@type\":\"SearchAction\",\"target\":{\"@type\":\"EntryPoint\",\"urlTemplate\":\"https:\/\/cosmoitalia.net\/?s={search_term_string}\"},\"query-input\":\"required name=search_term_string\"}],\"inLanguage\":\"es\"},{\"@type\":\"Organization\",\"@id\":\"https:\/\/cosmoitalia.net\/#organization\",\"name\":\"CosmoItalia\",\"url\":\"https:\/\/cosmoitalia.net\/\",\"logo\":{\"@type\":\"ImageObject\",\"inLanguage\":\"es\",\"@id\":\"https:\/\/cosmoitalia.net\/#\/schema\/logo\/image\/\",\"url\":\"https:\/\/cosmoitalia.net\/wp-content\/uploads\/2023\/09\/cropped-cropped-LOGO_COSMOITALIA-preview-1.png\",\"contentUrl\":\"https:\/\/cosmoitalia.net\/wp-content\/uploads\/2023\/09\/cropped-cropped-LOGO_COSMOITALIA-preview-1.png\",\"width\":498,\"height\":142,\"caption\":\"CosmoItalia\"},\"image\":{\"@id\":\"https:\/\/cosmoitalia.net\/#\/schema\/logo\/image\/\"}},{\"@type\":\"Person\",\"@id\":\"https:\/\/cosmoitalia.net\/#\/schema\/person\/986eb843d073021efa7f4dc4a1321daf\",\"name\":\"cosmo-admin\",\"image\":{\"@type\":\"ImageObject\",\"inLanguage\":\"es\",\"@id\":\"https:\/\/cosmoitalia.net\/#\/schema\/person\/image\/\",\"url\":\"https:\/\/secure.gravatar.com\/avatar\/c1b10c3443b3cdebd88bdecbc33983cd4b7c529b7a593d14dad0881d81490271?s=96&d=mm&r=g\",\"contentUrl\":\"https:\/\/secure.gravatar.com\/avatar\/c1b10c3443b3cdebd88bdecbc33983cd4b7c529b7a593d14dad0881d81490271?s=96&d=mm&r=g\",\"caption\":\"cosmo-admin\"},\"sameAs\":[\"https:\/\/cosmoitalia.net\"],\"url\":\"https:\/\/cosmoitalia.net\/index.php\/author\/cosmo-admin\/\"}]}<\/script>\n<!-- \/ Yoast SEO plugin. -->","yoast_head_json":{"title":"\u00bfC\u00f3mo cuidar tu cabello te\u00f1ido en verano? - CosmoItalia","robots":{"index":"index","follow":"follow","max-snippet":"max-snippet:-1","max-image-preview":"max-image-preview:large","max-video-preview":"max-video-preview:-1"},"canonical":"https:\/\/cosmoitalia.net\/index.php\/2023\/09\/28\/random\/","og_locale":"es_MX","og_type":"article","og_title":"\u00bfC\u00f3mo cuidar tu cabello te\u00f1ido en verano? - CosmoItalia","og_description":"Mant\u00e9n tu cabello lejos de los rayos del sol siempre que puedas. Para evitar que los rayos del sol perjudiquen el tinte de tu cabello puedes optar por un sombrero o un pa\u00f1uelo, para poder cubrirte y evitar cualquier da\u00f1o a causa del sol. Pero, si lo tuyo no es cargar objetos y prefieres lucir [&hellip;]","og_url":"https:\/\/cosmoitalia.net\/index.php\/2023\/09\/28\/random\/","og_site_name":"CosmoItalia","article_published_time":"2023-09-28T01:59:10+00:00","article_modified_time":"2023-10-01T06:01:06+00:00","og_image":[{"width":626,"height":417,"url":"https:\/\/cosmoitalia.net\/wp-content\/uploads\/2023\/09\/WhatsApp-Image-2023-09-30-at-11.33.02-PM-1-1.jpeg","type":"image\/jpeg"}],"author":"cosmo-admin","twitter_card":"summary_large_image","twitter_misc":{"Escrito por":"cosmo-admin","Tiempo de lectura":"2 minutos"},"schema":{"@context":"https:\/\/schema.org","@graph":[{"@type":"Article","@id":"https:\/\/cosmoitalia.net\/index.php\/2023\/09\/28\/random\/#article","isPartOf":{"@id":"https:\/\/cosmoitalia.net\/index.php\/2023\/09\/28\/random\/"},"author":{"name":"cosmo-admin","@id":"https:\/\/cosmoitalia.net\/#\/schema\/person\/986eb843d073021efa7f4dc4a1321daf"},"headline":"\u00bfC\u00f3mo cuidar tu cabello te\u00f1ido en verano?","datePublished":"2023-09-28T01:59:10+00:00","dateModified":"2023-10-01T06:01:06+00:00","mainEntityOfPage":{"@id":"https:\/\/cosmoitalia.net\/index.php\/2023\/09\/28\/random\/"},"wordCount":453,"commentCount":0,"publisher":{"@id":"https:\/\/cosmoitalia.net\/#organization"},"articleSection":["Blog"],"inLanguage":"es","potentialAction":[{"@type":"CommentAction","name":"Comment","target":["https:\/\/cosmoitalia.net\/index.php\/2023\/09\/28\/random\/#respond"]}]},{"@type":"WebPage","@id":"https:\/\/cosmoitalia.net\/index.php\/2023\/09\/28\/random\/","url":"https:\/\/cosmoitalia.net\/index.php\/2023\/09\/28\/random\/","name":"\u00bfC\u00f3mo cuidar tu cabello te\u00f1ido en verano? - CosmoItalia","isPartOf":{"@id":"https:\/\/cosmoitalia.net\/#website"},"datePublished":"2023-09-28T01:59:10+00:00","dateModified":"2023-10-01T06:01:06+00:00","breadcrumb":{"@id":"https:\/\/cosmoitalia.net\/index.php\/2023\/09\/28\/random\/#breadcrumb"},"inLanguage":"es","potentialAction":[{"@type":"ReadAction","target":["https:\/\/cosmoitalia.net\/index.php\/2023\/09\/28\/random\/"]}]},{"@type":"BreadcrumbList","@id":"https:\/\/cosmoitalia.net\/index.php\/2023\/09\/28\/random\/#breadcrumb","itemListElement":[{"@type":"ListItem","position":1,"name":"Inicio","item":"https:\/\/cosmoitalia.net\/"},{"@type":"ListItem","position":2,"name":"\u00bfC\u00f3mo cuidar tu cabello te\u00f1ido en verano?"}]},{"@type":"WebSite","@id":"https:\/\/cosmoitalia.net\/#website","url":"https:\/\/cosmoitalia.net\/","name":"CosmoItalia","description":"","publisher":{"@id":"https:\/\/cosmoitalia.net\/#organization"},"potentialAction":[{"@type":"SearchAction","target":{"@type":"EntryPoint","urlTemplate":"https:\/\/cosmoitalia.net\/?s={search_term_string}"},"query-input":"required name=search_term_string"}],"inLanguage":"es"},{"@type":"Organization","@id":"https:\/\/cosmoitalia.net\/#organization","name":"CosmoItalia","url":"https:\/\/cosmoitalia.net\/","logo":{"@type":"ImageObject","inLanguage":"es","@id":"https:\/\/cosmoitalia.net\/#\/schema\/logo\/image\/","url":"https:\/\/cosmoitalia.net\/wp-content\/uploads\/2023\/09\/cropped-cropped-LOGO_COSMOITALIA-preview-1.png","contentUrl":"https:\/\/cosmoitalia.net\/wp-content\/uploads\/2023\/09\/cropped-cropped-LOGO_COSMOITALIA-preview-1.png","width":498,"height":142,"caption":"CosmoItalia"},"image":{"@id":"https:\/\/cosmoitalia.net\/#\/schema\/logo\/image\/"}},{"@type":"Person","@id":"https:\/\/cosmoitalia.net\/#\/schema\/person\/986eb843d073021efa7f4dc4a1321daf","name":"cosmo-admin","image":{"@type":"ImageObject","inLanguage":"es","@id":"https:\/\/cosmoitalia.net\/#\/schema\/person\/image\/","url":"https:\/\/secure.gravatar.com\/avatar\/c1b10c3443b3cdebd88bdecbc33983cd4b7c529b7a593d14dad0881d81490271?s=96&d=mm&r=g","contentUrl":"https:\/\/secure.gravatar.com\/avatar\/c1b10c3443b3cdebd88bdecbc33983cd4b7c529b7a593d14dad0881d81490271?s=96&d=mm&r=g","caption":"cosmo-admin"},"sameAs":["https:\/\/cosmoitalia.net"],"url":"https:\/\/cosmoitalia.net\/index.php\/author\/cosmo-admin\/"}]}},"_links":{"self":[{"href":"https:\/\/cosmoitalia.net\/index.php\/wp-json\/wp\/v2\/posts\/5386","targetHints":{"allow":["GET"]}}],"collection":[{"href":"https:\/\/cosmoitalia.net\/index.php\/wp-json\/wp\/v2\/posts"}],"about":[{"href":"https:\/\/cosmoitalia.net\/index.php\/wp-json\/wp\/v2\/types\/post"}],"author":[{"embeddable":true,"href":"https:\/\/cosmoitalia.net\/index.php\/wp-json\/wp\/v2\/users\/1"}],"replies":[{"embeddable":true,"href":"https:\/\/cosmoitalia.net\/index.php\/wp-json\/wp\/v2\/comments?post=5386"}],"version-history":[{"count":0,"href":"https:\/\/cosmoitalia.net\/index.php\/wp-json\/wp\/v2\/posts\/5386\/revisions"}],"wp:featuredmedia":[{"embeddable":true,"href":"https:\/\/cosmoitalia.net\/index.php\/wp-json\/wp\/v2\/media\/5605"}],"wp:attachment":[{"href":"https:\/\/cosmoitalia.net\/index.php\/wp-json\/wp\/v2\/media?parent=5386"}],"wp:term":[{"taxonomy":"category","embeddable":true,"href":"https:\/\/cosmoitalia.net\/index.php\/wp-json\/wp\/v2\/categories?post=5386"},{"taxonomy":"post_tag","embeddable":true,"href":"https:\/\/cosmoitalia.net\/index.php\/wp-json\/wp\/v2\/tags?post=5386"}],"curies":[{"name":"wp","href":"https:\/\/api.w.org\/{rel}","templated":true}]}}